{"id":21500,"date":"2026-08-25T08:17:07","date_gmt":"2026-08-25T07:17:07","guid":{"rendered":"https:\/\/arend-fischbach.lu\/?p=21500"},"modified":"2026-08-31T15:25:35","modified_gmt":"2026-08-31T14:25:35","slug":"expat-day-2026","status":"publish","type":"post","link":"https:\/\/arend-fischbach.lu\/de\/2026\/08\/25\/expat-day-2026\/","title":{"rendered":"Expat Day 2026"},"content":{"rendered":"Am <strong>Sonntag, den 6. September 2026<\/strong>, findet in der Abtei Neum\u00fcnster im Luxemburger Grund erneut der <strong>Your Luxembourg Expat Day<\/strong> statt. Von <strong>10:00 bis 18:00 Uhr<\/strong> erwartet die Besucher ein abwechslungsreiches Programm mit Informationen, Begegnungen und Aktivit\u00e4ten f\u00fcr die ganze Familie.<\/p>\n<p>Der Expat Day richtet sich insbesondere an Menschen, die neu in Luxemburg sind oder das Land und seine Angebote noch besser kennenlernen m\u00f6chten. Zahlreiche Unternehmen, Institutionen und Vereine pr\u00e4sentieren ihre Dienstleistungen und geben praktische Einblicke in das Leben in Luxemburg \u2013 von Wohnen und Mobilit\u00e4t \u00fcber Versicherungen und Energie bis hin zu Sport, Freizeit und Bildung.<\/p>\n<p>Auch f\u00fcr Unterhaltung ist gesorgt: Kinder und Erwachsene k\u00f6nnen sich auf Spiele, sportliche Herausforderungen, Mitmachaktionen und verschiedene Gewinnm\u00f6glichkeiten freuen. Damit verbindet der Expat Day auf unkomplizierte Weise n\u00fctzliche Informationen mit einem abwechslungsreichen Familienprogramm.<\/p>\n<p><strong>Auch Arend &amp; Fischbach ist dieses Jahr wieder mit einem Stand vertreten.<\/strong> Wir freuen uns darauf, mit den Besuchern ins Gespr\u00e4ch zu kommen, unsere aktuellen Immobilienprojekte vorzustellen und Fragen rund um das Wohnen und den Immobilienkauf in Luxemburg zu beantworten.<\/p>\n<p><strong>Besuchen Sie uns am 6. September in der Abtei Neum\u00fcnster \u2013 wir freuen uns auf Sie!<\/strong><\/p>\n<p><strong>Your Luxembourg Expat Day 2026<\/strong><br \/>\nSonntag, 6. September 2026<br \/>\n10:00\u201318:00 Uhr<br \/>\nAbtei Neum\u00fcnster, Luxembourg-Grund<\/p>\n<p>Weitere Infos: <a href=\"https:\/\/www.luxtimes.lu\/yourluxembourg\/leisureandtravel\/expat-day-returns-for-a-fourth-year-of-culture-and-community\/158443807.html\">https:\/\/www.luxtimes.lu\/yourluxembourg\/leisureandtravel\/expat-day-returns-for-a-fourth-year-of-culture-and-community\/158443807.html<\/a>","protected":false},"excerpt":{"rendered":"<p>Am Sonntag, den 6. September 2026, findet in der Abtei Neum\u00fcnster im Luxemburger Grund erneut der Your Luxembourg Expat Day statt. Von 10:00 bis 18:00 Uhr erwartet die Besucher ein abwechslungsreiches Programm mit Informationen, Begegnungen und Aktivit\u00e4ten f\u00fcr die ganze Familie. Der Expat Day richtet sich insbesondere an Menschen, die neu in Luxemburg sind oder&#8230;  <a class=\"excerpt-read-more\" href=\"https:\/\/arend-fischbach.lu\/de\/2026\/08\/25\/expat-day-2026\/\" title=\"ReadExpat Day 2026\">Read more &raquo;<\/a><\/p>\n","protected":false},"author":2,"featured_media":21501,"comment_status":"closed","ping_status":"closed","sticky":true,"template":"","format":"standard","meta":[],"categories":[45],"tags":[],"yoast_head":"<!-- This site is optimized with the Yoast SEO plugin v19.11 - https:\/\/yoast.com\/wordpress\/plugins\/seo\/ -->\n<title>Expat Day 2026 &ndash; Arend &amp; Fischbach<\/title>\n<meta name=\"robots\" content=\"index, follow, max-snippet:-1, max-image-preview:large, max-video-preview:-1\" \/>\n<link rel=\"canonical\" href=\"https:\/\/arend-fischbach.lu\/2026\/08\/25\/expat-day-2026\/\" \/>\n<meta property=\"og:locale\" content=\"de_DE\" \/>\n<meta property=\"og:type\" content=\"article\" \/>\n<meta property=\"og:title\" content=\"Expat Day 2026 &ndash; Arend &amp; Fischbach\" \/>\n<meta property=\"og:description\" content=\"Am Sonntag, den 6. September 2026, findet in der Abtei Neum\u00fcnster im Luxemburger Grund erneut der Your Luxembourg Expat Day statt. Von 10:00 bis 18:00 Uhr erwartet die Besucher ein abwechslungsreiches Programm mit Informationen, Begegnungen und Aktivit\u00e4ten f\u00fcr die ganze Familie. Der Expat Day richtet sich insbesondere an Menschen, die neu in Luxemburg sind oder... Read more &raquo;\" \/>\n<meta property=\"og:site_name\" content=\"Arend &amp; Fischbach\" \/>\n<meta property=\"article:publisher\" content=\"https:\/\/www.facebook.com\/arendfischbach\" \/>\n<meta property=\"article:published_time\" content=\"2026-08-25T07:17:07+00:00\" \/>\n<meta property=\"article:modified_time\" content=\"2026-08-31T14:25:35+00:00\" \/>\n<meta property=\"og:image\" content=\"https:\/\/arend-fischbach.lu\/wp-content\/uploads\/2026\/08\/Expat_Day_2026_Visual_AF_1920x1080-scaled.jpg\" \/>\n\t<meta property=\"og:image:width\" content=\"2560\" \/>\n\t<meta property=\"og:image:height\" content=\"1440\" \/>\n\t<meta property=\"og:image:type\" content=\"image\/jpeg\" \/>\n<meta name=\"author\" content=\"Sacha Heck\" \/>\n<meta name=\"twitter:card\" content=\"summary_large_image\" \/>\n<meta name=\"twitter:label1\" content=\"Verfasst von\" \/>\n\t<meta name=\"twitter:data1\" content=\"Sacha Heck\" \/>\n\t<meta name=\"twitter:label2\" content=\"Gesch\u00e4tzte Lesezeit\" \/>\n\t<meta name=\"twitter:data2\" content=\"2\u00a0Minuten\" \/>\n<script type=\"application\/ld+json\" class=\"yoast-schema-graph\">{\"@context\":\"https:\/\/schema.org\",\"@graph\":[{\"@type\":\"Article\",\"@id\":\"https:\/\/arend-fischbach.lu\/2026\/08\/25\/expat-day-2026\/#article\",\"isPartOf\":{\"@id\":\"https:\/\/arend-fischbach.lu\/2026\/08\/25\/expat-day-2026\/\"},\"author\":{\"name\":\"Sacha Heck\",\"@id\":\"https:\/\/arend-fischbach.lu\/fr\/#\/schema\/person\/ae53dc2732d2d81f0f9330d534b72b7c\"},\"headline\":\"Expat Day 2026\",\"datePublished\":\"2026-08-25T07:17:07+00:00\",\"dateModified\":\"2026-08-31T14:25:35+00:00\",\"mainEntityOfPage\":{\"@id\":\"https:\/\/arend-fischbach.lu\/2026\/08\/25\/expat-day-2026\/\"},\"wordCount\":447,\"publisher\":{\"@id\":\"https:\/\/arend-fischbach.lu\/fr\/#organization\"},\"articleSection\":[\"News\"],\"inLanguage\":\"de\"},{\"@type\":\"WebPage\",\"@id\":\"https:\/\/arend-fischbach.lu\/2026\/08\/25\/expat-day-2026\/\",\"url\":\"https:\/\/arend-fischbach.lu\/2026\/08\/25\/expat-day-2026\/\",\"name\":\"Expat Day 2026 &ndash; Arend &amp; Fischbach\",\"isPartOf\":{\"@id\":\"https:\/\/arend-fischbach.lu\/fr\/#website\"},\"datePublished\":\"2026-08-25T07:17:07+00:00\",\"dateModified\":\"2026-08-31T14:25:35+00:00\",\"breadcrumb\":{\"@id\":\"https:\/\/arend-fischbach.lu\/2026\/08\/25\/expat-day-2026\/#breadcrumb\"},\"inLanguage\":\"de\",\"potentialAction\":[{\"@type\":\"ReadAction\",\"target\":[\"https:\/\/arend-fischbach.lu\/2026\/08\/25\/expat-day-2026\/\"]}]},{\"@type\":\"BreadcrumbList\",\"@id\":\"https:\/\/arend-fischbach.lu\/2026\/08\/25\/expat-day-2026\/#breadcrumb\",\"itemListElement\":[{\"@type\":\"ListItem\",\"position\":1,\"name\":\"Accueil\",\"item\":\"https:\/\/arend-fischbach.lu\/\"},{\"@type\":\"ListItem\",\"position\":2,\"name\":\"Expat Day 2026\"}]},{\"@type\":\"WebSite\",\"@id\":\"https:\/\/arend-fischbach.lu\/fr\/#website\",\"url\":\"https:\/\/arend-fischbach.lu\/fr\/\",\"name\":\"Arend &amp; Fischbach\",\"description\":\"Promotion immobili\u00e8re\",\"publisher\":{\"@id\":\"https:\/\/arend-fischbach.lu\/fr\/#organization\"},\"potentialAction\":[{\"@type\":\"SearchAction\",\"target\":{\"@type\":\"EntryPoint\",\"urlTemplate\":\"https:\/\/arend-fischbach.lu\/fr\/?s={search_term_string}\"},\"query-input\":\"required name=search_term_string\"}],\"inLanguage\":\"de\"},{\"@type\":\"Organization\",\"@id\":\"https:\/\/arend-fischbach.lu\/fr\/#organization\",\"name\":\"Arend & Fischbach\",\"url\":\"https:\/\/arend-fischbach.lu\/fr\/\",\"logo\":{\"@type\":\"ImageObject\",\"inLanguage\":\"de\",\"@id\":\"https:\/\/arend-fischbach.lu\/fr\/#\/schema\/logo\/image\/\",\"url\":\"https:\/\/arend-fischbach.lu\/wp-content\/uploads\/2016\/07\/AF_logo_vertical_RVB_F.jpg\",\"contentUrl\":\"https:\/\/arend-fischbach.lu\/wp-content\/uploads\/2016\/07\/AF_logo_vertical_RVB_F.jpg\",\"width\":517,\"height\":627,\"caption\":\"Arend & Fischbach\"},\"image\":{\"@id\":\"https:\/\/arend-fischbach.lu\/fr\/#\/schema\/logo\/image\/\"},\"sameAs\":[\"https:\/\/www.instagram.com\/arendfischbach\/\",\"https:\/\/www.facebook.com\/arendfischbach\"]},{\"@type\":\"Person\",\"@id\":\"https:\/\/arend-fischbach.lu\/fr\/#\/schema\/person\/ae53dc2732d2d81f0f9330d534b72b7c\",\"name\":\"Sacha Heck\",\"image\":{\"@type\":\"ImageObject\",\"inLanguage\":\"de\",\"@id\":\"https:\/\/arend-fischbach.lu\/fr\/#\/schema\/person\/image\/\",\"url\":\"https:\/\/secure.gravatar.com\/avatar\/f5172ec7590a907184261b5162878b67?s=96&d=mm&r=g\",\"contentUrl\":\"https:\/\/secure.gravatar.com\/avatar\/f5172ec7590a907184261b5162878b67?s=96&d=mm&r=g\",\"caption\":\"Sacha Heck\"},\"url\":\"https:\/\/arend-fischbach.lu\/de\/author\/sacha\/\"}]}<\/script>\n<!-- \/ Yoast SEO plugin. -->","yoast_head_json":{"title":"Expat Day 2026 &ndash; Arend &amp; Fischbach","robots":{"index":"index","follow":"follow","max-snippet":"max-snippet:-1","max-image-preview":"max-image-preview:large","max-video-preview":"max-video-preview:-1"},"canonical":"https:\/\/arend-fischbach.lu\/2026\/08\/25\/expat-day-2026\/","og_locale":"de_DE","og_type":"article","og_title":"Expat Day 2026 &ndash; Arend &amp; Fischbach","og_description":"Am Sonntag, den 6. September 2026, findet in der Abtei Neum\u00fcnster im Luxemburger Grund erneut der Your Luxembourg Expat Day statt. Von 10:00 bis 18:00 Uhr erwartet die Besucher ein abwechslungsreiches Programm mit Informationen, Begegnungen und Aktivit\u00e4ten f\u00fcr die ganze Familie. Der Expat Day richtet sich insbesondere an Menschen, die neu in Luxemburg sind oder... Read more &raquo;","og_site_name":"Arend &amp; Fischbach","article_publisher":"https:\/\/www.facebook.com\/arendfischbach","article_published_time":"2026-08-25T07:17:07+00:00","article_modified_time":"2026-08-31T14:25:35+00:00","og_image":[{"width":2560,"height":1440,"url":"https:\/\/arend-fischbach.lu\/wp-content\/uploads\/2026\/08\/Expat_Day_2026_Visual_AF_1920x1080-scaled.jpg","type":"image\/jpeg"}],"author":"Sacha Heck","twitter_card":"summary_large_image","twitter_misc":{"Verfasst von":"Sacha Heck","Gesch\u00e4tzte Lesezeit":"2\u00a0Minuten"},"schema":{"@context":"https:\/\/schema.org","@graph":[{"@type":"Article","@id":"https:\/\/arend-fischbach.lu\/2026\/08\/25\/expat-day-2026\/#article","isPartOf":{"@id":"https:\/\/arend-fischbach.lu\/2026\/08\/25\/expat-day-2026\/"},"author":{"name":"Sacha Heck","@id":"https:\/\/arend-fischbach.lu\/fr\/#\/schema\/person\/ae53dc2732d2d81f0f9330d534b72b7c"},"headline":"Expat Day 2026","datePublished":"2026-08-25T07:17:07+00:00","dateModified":"2026-08-31T14:25:35+00:00","mainEntityOfPage":{"@id":"https:\/\/arend-fischbach.lu\/2026\/08\/25\/expat-day-2026\/"},"wordCount":447,"publisher":{"@id":"https:\/\/arend-fischbach.lu\/fr\/#organization"},"articleSection":["News"],"inLanguage":"de"},{"@type":"WebPage","@id":"https:\/\/arend-fischbach.lu\/2026\/08\/25\/expat-day-2026\/","url":"https:\/\/arend-fischbach.lu\/2026\/08\/25\/expat-day-2026\/","name":"Expat Day 2026 &ndash; Arend &amp; Fischbach","isPartOf":{"@id":"https:\/\/arend-fischbach.lu\/fr\/#website"},"datePublished":"2026-08-25T07:17:07+00:00","dateModified":"2026-08-31T14:25:35+00:00","breadcrumb":{"@id":"https:\/\/arend-fischbach.lu\/2026\/08\/25\/expat-day-2026\/#breadcrumb"},"inLanguage":"de","potentialAction":[{"@type":"ReadAction","target":["https:\/\/arend-fischbach.lu\/2026\/08\/25\/expat-day-2026\/"]}]},{"@type":"BreadcrumbList","@id":"https:\/\/arend-fischbach.lu\/2026\/08\/25\/expat-day-2026\/#breadcrumb","itemListElement":[{"@type":"ListItem","position":1,"name":"Accueil","item":"https:\/\/arend-fischbach.lu\/"},{"@type":"ListItem","position":2,"name":"Expat Day 2026"}]},{"@type":"WebSite","@id":"https:\/\/arend-fischbach.lu\/fr\/#website","url":"https:\/\/arend-fischbach.lu\/fr\/","name":"Arend &amp; Fischbach","description":"Promotion immobili\u00e8re","publisher":{"@id":"https:\/\/arend-fischbach.lu\/fr\/#organization"},"potentialAction":[{"@type":"SearchAction","target":{"@type":"EntryPoint","urlTemplate":"https:\/\/arend-fischbach.lu\/fr\/?s={search_term_string}"},"query-input":"required name=search_term_string"}],"inLanguage":"de"},{"@type":"Organization","@id":"https:\/\/arend-fischbach.lu\/fr\/#organization","name":"Arend & Fischbach","url":"https:\/\/arend-fischbach.lu\/fr\/","logo":{"@type":"ImageObject","inLanguage":"de","@id":"https:\/\/arend-fischbach.lu\/fr\/#\/schema\/logo\/image\/","url":"https:\/\/arend-fischbach.lu\/wp-content\/uploads\/2016\/07\/AF_logo_vertical_RVB_F.jpg","contentUrl":"https:\/\/arend-fischbach.lu\/wp-content\/uploads\/2016\/07\/AF_logo_vertical_RVB_F.jpg","width":517,"height":627,"caption":"Arend & Fischbach"},"image":{"@id":"https:\/\/arend-fischbach.lu\/fr\/#\/schema\/logo\/image\/"},"sameAs":["https:\/\/www.instagram.com\/arendfischbach\/","https:\/\/www.facebook.com\/arendfischbach"]},{"@type":"Person","@id":"https:\/\/arend-fischbach.lu\/fr\/#\/schema\/person\/ae53dc2732d2d81f0f9330d534b72b7c","name":"Sacha Heck","image":{"@type":"ImageObject","inLanguage":"de","@id":"https:\/\/arend-fischbach.lu\/fr\/#\/schema\/person\/image\/","url":"https:\/\/secure.gravatar.com\/avatar\/f5172ec7590a907184261b5162878b67?s=96&d=mm&r=g","contentUrl":"https:\/\/secure.gravatar.com\/avatar\/f5172ec7590a907184261b5162878b67?s=96&d=mm&r=g","caption":"Sacha Heck"},"url":"https:\/\/arend-fischbach.lu\/de\/author\/sacha\/"}]}},"_links":{"self":[{"href":"https:\/\/arend-fischbach.lu\/de\/wp-json\/wp\/v2\/posts\/21500"}],"collection":[{"href":"https:\/\/arend-fischbach.lu\/de\/wp-json\/wp\/v2\/posts"}],"about":[{"href":"https:\/\/arend-fischbach.lu\/de\/wp-json\/wp\/v2\/types\/post"}],"author":[{"embeddable":true,"href":"https:\/\/arend-fischbach.lu\/de\/wp-json\/wp\/v2\/users\/2"}],"replies":[{"embeddable":true,"href":"https:\/\/arend-fischbach.lu\/de\/wp-json\/wp\/v2\/comments?post=21500"}],"version-history":[{"count":2,"href":"https:\/\/arend-fischbach.lu\/de\/wp-json\/wp\/v2\/posts\/21500\/revisions"}],"predecessor-version":[{"id":21503,"href":"https:\/\/arend-fischbach.lu\/de\/wp-json\/wp\/v2\/posts\/21500\/revisions\/21503"}],"wp:featuredmedia":[{"embeddable":true,"href":"https:\/\/arend-fischbach.lu\/de\/wp-json\/wp\/v2\/media\/21501"}],"wp:attachment":[{"href":"https:\/\/arend-fischbach.lu\/de\/wp-json\/wp\/v2\/media?parent=21500"}],"wp:term":[{"taxonomy":"category","embeddable":true,"href":"https:\/\/arend-fischbach.lu\/de\/wp-json\/wp\/v2\/categories?post=21500"},{"taxonomy":"post_tag","embeddable":true,"href":"https:\/\/arend-fischbach.lu\/de\/wp-json\/wp\/v2\/tags?post=21500"}],"curies":[{"name":"wp","href":"https:\/\/api.w.org\/{rel}","templated":true}]}}