{"id":21500,"date":"2026-08-25T08:17:07","date_gmt":"2026-08-25T07:17:07","guid":{"rendered":"https:\/\/arend-fischbach.lu\/?p=21500"},"modified":"2026-08-31T15:25:35","modified_gmt":"2026-08-31T14:25:35","slug":"expat-day-2026","status":"publish","type":"post","link":"https:\/\/arend-fischbach.lu\/fr\/2026\/08\/25\/expat-day-2026\/","title":{"rendered":"Expat Day 2026"},"content":{"rendered":"Le <strong>dimanche 6 septembre 2026<\/strong>, le <strong>Your Luxembourg Expat Day<\/strong> sera de retour \u00e0 l\u2019Abbaye de Neum\u00fcnster, au Grund \u00e0 Luxembourg. De <strong>10h00 \u00e0 18h00<\/strong>, les visiteurs pourront profiter d\u2019un programme vari\u00e9 m\u00ealant informations, rencontres et activit\u00e9s pour toute la famille.<\/p>\n<p>L\u2019Expat Day s\u2019adresse notamment aux personnes r\u00e9cemment install\u00e9es au Luxembourg, mais aussi \u00e0 toutes celles qui souhaitent mieux conna\u00eetre le pays et les nombreux services qui y sont propos\u00e9s. Entreprises, institutions et associations seront pr\u00e9sentes pour informer les visiteurs sur diff\u00e9rents aspects de la vie au Luxembourg: logement, mobilit\u00e9, assurances, \u00e9nergie, sport, loisirs ou encore enseignement.<\/p>\n<p>De nombreuses animations viendront \u00e9galement rythmer la journ\u00e9e. Jeux, d\u00e9fis sportifs, activit\u00e9s interactives et possibilit\u00e9s de remporter diff\u00e9rents prix permettront aux petits comme aux grands de profiter pleinement de l\u2019\u00e9v\u00e9nement.<\/p>\n<p><strong>Arend &amp; Fischbach sera \u00e9galement pr\u00e9sent cette ann\u00e9e avec son propre stand.<\/strong> Ce sera l\u2019occasion de venir rencontrer notre \u00e9quipe, de d\u00e9couvrir nos projets immobiliers actuellement en commercialisation et d\u2019\u00e9changer avec nous autour du logement et de l\u2019acquisition immobili\u00e8re au Luxembourg.<\/p>\n<p><strong>Rendez-nous visite le 6 septembre \u00e0 l\u2019Abbaye de Neum\u00fcnster \u2013 nous nous r\u00e9jouissons de vous y accueillir!<\/strong><\/p>\n<p><strong>Your Luxembourg Expat Day 2026<\/strong><br \/>\nDimanche 6 septembre 2026<br \/>\n10h00\u201318h00<br \/>\nAbbaye de Neum\u00fcnster, Luxembourg-Grund<\/p>\n<p>PLus d\u2019infos ici: <a href=\"https:\/\/www.luxtimes.lu\/yourluxembourg\/leisureandtravel\/expat-day-returns-for-a-fourth-year-of-culture-and-community\/158443807.html\">https:\/\/www.luxtimes.lu\/yourluxembourg\/leisureandtravel\/expat-day-returns-for-a-fourth-year-of-culture-and-community\/158443807.html<\/a>","protected":false},"excerpt":{"rendered":"<p>Le dimanche 6 septembre 2026, le Your Luxembourg Expat Day sera de retour \u00e0 l\u2019Abbaye de Neum\u00fcnster, au Grund \u00e0 Luxembourg. De 10h00 \u00e0 18h00, les visiteurs pourront profiter d\u2019un programme vari\u00e9 m\u00ealant informations, rencontres et activit\u00e9s pour toute la famille. L\u2019Expat Day s\u2019adresse notamment aux personnes r\u00e9cemment install\u00e9es au Luxembourg, mais aussi \u00e0 toutes&#8230;  <a class=\"excerpt-read-more\" href=\"https:\/\/arend-fischbach.lu\/fr\/2026\/08\/25\/expat-day-2026\/\" title=\"ReadExpat Day 2026\">Read more &raquo;<\/a><\/p>\n","protected":false},"author":2,"featured_media":21501,"comment_status":"closed","ping_status":"closed","sticky":true,"template":"","format":"standard","meta":[],"categories":[45],"tags":[],"yoast_head":"<!-- This site is optimized with the Yoast SEO plugin v19.11 - https:\/\/yoast.com\/wordpress\/plugins\/seo\/ -->\n<title>Expat Day 2026 &ndash; Arend &amp; Fischbach<\/title>\n<meta name=\"robots\" content=\"index, follow, max-snippet:-1, max-image-preview:large, max-video-preview:-1\" \/>\n<link rel=\"canonical\" href=\"https:\/\/arend-fischbach.lu\/2026\/08\/25\/expat-day-2026\/\" \/>\n<meta property=\"og:locale\" content=\"fr_FR\" \/>\n<meta property=\"og:type\" content=\"article\" \/>\n<meta property=\"og:title\" content=\"Expat Day 2026 &ndash; Arend &amp; Fischbach\" \/>\n<meta property=\"og:description\" content=\"Le dimanche 6 septembre 2026, le Your Luxembourg Expat Day sera de retour \u00e0 l\u2019Abbaye de Neum\u00fcnster, au Grund \u00e0 Luxembourg. De 10h00 \u00e0 18h00, les visiteurs pourront profiter d\u2019un programme vari\u00e9 m\u00ealant informations, rencontres et activit\u00e9s pour toute la famille. L\u2019Expat Day s\u2019adresse notamment aux personnes r\u00e9cemment install\u00e9es au Luxembourg, mais aussi \u00e0 toutes... Read more &raquo;\" \/>\n<meta property=\"og:site_name\" content=\"Arend &amp; Fischbach\" \/>\n<meta property=\"article:publisher\" content=\"https:\/\/www.facebook.com\/arendfischbach\" \/>\n<meta property=\"article:published_time\" content=\"2026-08-25T07:17:07+00:00\" \/>\n<meta property=\"article:modified_time\" content=\"2026-08-31T14:25:35+00:00\" \/>\n<meta property=\"og:image\" content=\"https:\/\/arend-fischbach.lu\/wp-content\/uploads\/2026\/08\/Expat_Day_2026_Visual_AF_1920x1080-scaled.jpg\" \/>\n\t<meta property=\"og:image:width\" content=\"2560\" \/>\n\t<meta property=\"og:image:height\" content=\"1440\" \/>\n\t<meta property=\"og:image:type\" content=\"image\/jpeg\" \/>\n<meta name=\"author\" content=\"Sacha Heck\" \/>\n<meta name=\"twitter:card\" content=\"summary_large_image\" \/>\n<meta name=\"twitter:label1\" content=\"\u00c9crit par\" \/>\n\t<meta name=\"twitter:data1\" content=\"Sacha Heck\" \/>\n\t<meta name=\"twitter:label2\" content=\"Dur\u00e9e de lecture estim\u00e9e\" \/>\n\t<meta name=\"twitter:data2\" content=\"2 minutes\" \/>\n<script type=\"application\/ld+json\" class=\"yoast-schema-graph\">{\"@context\":\"https:\/\/schema.org\",\"@graph\":[{\"@type\":\"Article\",\"@id\":\"https:\/\/arend-fischbach.lu\/2026\/08\/25\/expat-day-2026\/#article\",\"isPartOf\":{\"@id\":\"https:\/\/arend-fischbach.lu\/2026\/08\/25\/expat-day-2026\/\"},\"author\":{\"name\":\"Sacha Heck\",\"@id\":\"https:\/\/arend-fischbach.lu\/fr\/#\/schema\/person\/ae53dc2732d2d81f0f9330d534b72b7c\"},\"headline\":\"Expat Day 2026\",\"datePublished\":\"2026-08-25T07:17:07+00:00\",\"dateModified\":\"2026-08-31T14:25:35+00:00\",\"mainEntityOfPage\":{\"@id\":\"https:\/\/arend-fischbach.lu\/2026\/08\/25\/expat-day-2026\/\"},\"wordCount\":447,\"publisher\":{\"@id\":\"https:\/\/arend-fischbach.lu\/fr\/#organization\"},\"articleSection\":[\"News\"],\"inLanguage\":\"fr-FR\"},{\"@type\":\"WebPage\",\"@id\":\"https:\/\/arend-fischbach.lu\/2026\/08\/25\/expat-day-2026\/\",\"url\":\"https:\/\/arend-fischbach.lu\/2026\/08\/25\/expat-day-2026\/\",\"name\":\"Expat Day 2026 &ndash; Arend &amp; Fischbach\",\"isPartOf\":{\"@id\":\"https:\/\/arend-fischbach.lu\/fr\/#website\"},\"datePublished\":\"2026-08-25T07:17:07+00:00\",\"dateModified\":\"2026-08-31T14:25:35+00:00\",\"breadcrumb\":{\"@id\":\"https:\/\/arend-fischbach.lu\/2026\/08\/25\/expat-day-2026\/#breadcrumb\"},\"inLanguage\":\"fr-FR\",\"potentialAction\":[{\"@type\":\"ReadAction\",\"target\":[\"https:\/\/arend-fischbach.lu\/2026\/08\/25\/expat-day-2026\/\"]}]},{\"@type\":\"BreadcrumbList\",\"@id\":\"https:\/\/arend-fischbach.lu\/2026\/08\/25\/expat-day-2026\/#breadcrumb\",\"itemListElement\":[{\"@type\":\"ListItem\",\"position\":1,\"name\":\"Accueil\",\"item\":\"https:\/\/arend-fischbach.lu\/\"},{\"@type\":\"ListItem\",\"position\":2,\"name\":\"Expat Day 2026\"}]},{\"@type\":\"WebSite\",\"@id\":\"https:\/\/arend-fischbach.lu\/fr\/#website\",\"url\":\"https:\/\/arend-fischbach.lu\/fr\/\",\"name\":\"Arend &amp; Fischbach\",\"description\":\"Promotion immobili\u00e8re\",\"publisher\":{\"@id\":\"https:\/\/arend-fischbach.lu\/fr\/#organization\"},\"potentialAction\":[{\"@type\":\"SearchAction\",\"target\":{\"@type\":\"EntryPoint\",\"urlTemplate\":\"https:\/\/arend-fischbach.lu\/fr\/?s={search_term_string}\"},\"query-input\":\"required name=search_term_string\"}],\"inLanguage\":\"fr-FR\"},{\"@type\":\"Organization\",\"@id\":\"https:\/\/arend-fischbach.lu\/fr\/#organization\",\"name\":\"Arend & Fischbach\",\"url\":\"https:\/\/arend-fischbach.lu\/fr\/\",\"logo\":{\"@type\":\"ImageObject\",\"inLanguage\":\"fr-FR\",\"@id\":\"https:\/\/arend-fischbach.lu\/fr\/#\/schema\/logo\/image\/\",\"url\":\"https:\/\/arend-fischbach.lu\/wp-content\/uploads\/2016\/07\/AF_logo_vertical_RVB_F.jpg\",\"contentUrl\":\"https:\/\/arend-fischbach.lu\/wp-content\/uploads\/2016\/07\/AF_logo_vertical_RVB_F.jpg\",\"width\":517,\"height\":627,\"caption\":\"Arend & Fischbach\"},\"image\":{\"@id\":\"https:\/\/arend-fischbach.lu\/fr\/#\/schema\/logo\/image\/\"},\"sameAs\":[\"https:\/\/www.instagram.com\/arendfischbach\/\",\"https:\/\/www.facebook.com\/arendfischbach\"]},{\"@type\":\"Person\",\"@id\":\"https:\/\/arend-fischbach.lu\/fr\/#\/schema\/person\/ae53dc2732d2d81f0f9330d534b72b7c\",\"name\":\"Sacha Heck\",\"image\":{\"@type\":\"ImageObject\",\"inLanguage\":\"fr-FR\",\"@id\":\"https:\/\/arend-fischbach.lu\/fr\/#\/schema\/person\/image\/\",\"url\":\"https:\/\/secure.gravatar.com\/avatar\/f5172ec7590a907184261b5162878b67?s=96&d=mm&r=g\",\"contentUrl\":\"https:\/\/secure.gravatar.com\/avatar\/f5172ec7590a907184261b5162878b67?s=96&d=mm&r=g\",\"caption\":\"Sacha Heck\"},\"url\":\"https:\/\/arend-fischbach.lu\/fr\/author\/sacha\/\"}]}<\/script>\n<!-- \/ Yoast SEO plugin. -->","yoast_head_json":{"title":"Expat Day 2026 &ndash; Arend &amp; Fischbach","robots":{"index":"index","follow":"follow","max-snippet":"max-snippet:-1","max-image-preview":"max-image-preview:large","max-video-preview":"max-video-preview:-1"},"canonical":"https:\/\/arend-fischbach.lu\/2026\/08\/25\/expat-day-2026\/","og_locale":"fr_FR","og_type":"article","og_title":"Expat Day 2026 &ndash; Arend &amp; Fischbach","og_description":"Le dimanche 6 septembre 2026, le Your Luxembourg Expat Day sera de retour \u00e0 l\u2019Abbaye de Neum\u00fcnster, au Grund \u00e0 Luxembourg. De 10h00 \u00e0 18h00, les visiteurs pourront profiter d\u2019un programme vari\u00e9 m\u00ealant informations, rencontres et activit\u00e9s pour toute la famille. L\u2019Expat Day s\u2019adresse notamment aux personnes r\u00e9cemment install\u00e9es au Luxembourg, mais aussi \u00e0 toutes... Read more &raquo;","og_site_name":"Arend &amp; Fischbach","article_publisher":"https:\/\/www.facebook.com\/arendfischbach","article_published_time":"2026-08-25T07:17:07+00:00","article_modified_time":"2026-08-31T14:25:35+00:00","og_image":[{"width":2560,"height":1440,"url":"https:\/\/arend-fischbach.lu\/wp-content\/uploads\/2026\/08\/Expat_Day_2026_Visual_AF_1920x1080-scaled.jpg","type":"image\/jpeg"}],"author":"Sacha Heck","twitter_card":"summary_large_image","twitter_misc":{"\u00c9crit par":"Sacha Heck","Dur\u00e9e de lecture estim\u00e9e":"2 minutes"},"schema":{"@context":"https:\/\/schema.org","@graph":[{"@type":"Article","@id":"https:\/\/arend-fischbach.lu\/2026\/08\/25\/expat-day-2026\/#article","isPartOf":{"@id":"https:\/\/arend-fischbach.lu\/2026\/08\/25\/expat-day-2026\/"},"author":{"name":"Sacha Heck","@id":"https:\/\/arend-fischbach.lu\/fr\/#\/schema\/person\/ae53dc2732d2d81f0f9330d534b72b7c"},"headline":"Expat Day 2026","datePublished":"2026-08-25T07:17:07+00:00","dateModified":"2026-08-31T14:25:35+00:00","mainEntityOfPage":{"@id":"https:\/\/arend-fischbach.lu\/2026\/08\/25\/expat-day-2026\/"},"wordCount":447,"publisher":{"@id":"https:\/\/arend-fischbach.lu\/fr\/#organization"},"articleSection":["News"],"inLanguage":"fr-FR"},{"@type":"WebPage","@id":"https:\/\/arend-fischbach.lu\/2026\/08\/25\/expat-day-2026\/","url":"https:\/\/arend-fischbach.lu\/2026\/08\/25\/expat-day-2026\/","name":"Expat Day 2026 &ndash; Arend &amp; Fischbach","isPartOf":{"@id":"https:\/\/arend-fischbach.lu\/fr\/#website"},"datePublished":"2026-08-25T07:17:07+00:00","dateModified":"2026-08-31T14:25:35+00:00","breadcrumb":{"@id":"https:\/\/arend-fischbach.lu\/2026\/08\/25\/expat-day-2026\/#breadcrumb"},"inLanguage":"fr-FR","potentialAction":[{"@type":"ReadAction","target":["https:\/\/arend-fischbach.lu\/2026\/08\/25\/expat-day-2026\/"]}]},{"@type":"BreadcrumbList","@id":"https:\/\/arend-fischbach.lu\/2026\/08\/25\/expat-day-2026\/#breadcrumb","itemListElement":[{"@type":"ListItem","position":1,"name":"Accueil","item":"https:\/\/arend-fischbach.lu\/"},{"@type":"ListItem","position":2,"name":"Expat Day 2026"}]},{"@type":"WebSite","@id":"https:\/\/arend-fischbach.lu\/fr\/#website","url":"https:\/\/arend-fischbach.lu\/fr\/","name":"Arend &amp; Fischbach","description":"Promotion immobili\u00e8re","publisher":{"@id":"https:\/\/arend-fischbach.lu\/fr\/#organization"},"potentialAction":[{"@type":"SearchAction","target":{"@type":"EntryPoint","urlTemplate":"https:\/\/arend-fischbach.lu\/fr\/?s={search_term_string}"},"query-input":"required name=search_term_string"}],"inLanguage":"fr-FR"},{"@type":"Organization","@id":"https:\/\/arend-fischbach.lu\/fr\/#organization","name":"Arend & Fischbach","url":"https:\/\/arend-fischbach.lu\/fr\/","logo":{"@type":"ImageObject","inLanguage":"fr-FR","@id":"https:\/\/arend-fischbach.lu\/fr\/#\/schema\/logo\/image\/","url":"https:\/\/arend-fischbach.lu\/wp-content\/uploads\/2016\/07\/AF_logo_vertical_RVB_F.jpg","contentUrl":"https:\/\/arend-fischbach.lu\/wp-content\/uploads\/2016\/07\/AF_logo_vertical_RVB_F.jpg","width":517,"height":627,"caption":"Arend & Fischbach"},"image":{"@id":"https:\/\/arend-fischbach.lu\/fr\/#\/schema\/logo\/image\/"},"sameAs":["https:\/\/www.instagram.com\/arendfischbach\/","https:\/\/www.facebook.com\/arendfischbach"]},{"@type":"Person","@id":"https:\/\/arend-fischbach.lu\/fr\/#\/schema\/person\/ae53dc2732d2d81f0f9330d534b72b7c","name":"Sacha Heck","image":{"@type":"ImageObject","inLanguage":"fr-FR","@id":"https:\/\/arend-fischbach.lu\/fr\/#\/schema\/person\/image\/","url":"https:\/\/secure.gravatar.com\/avatar\/f5172ec7590a907184261b5162878b67?s=96&d=mm&r=g","contentUrl":"https:\/\/secure.gravatar.com\/avatar\/f5172ec7590a907184261b5162878b67?s=96&d=mm&r=g","caption":"Sacha Heck"},"url":"https:\/\/arend-fischbach.lu\/fr\/author\/sacha\/"}]}},"_links":{"self":[{"href":"https:\/\/arend-fischbach.lu\/fr\/wp-json\/wp\/v2\/posts\/21500"}],"collection":[{"href":"https:\/\/arend-fischbach.lu\/fr\/wp-json\/wp\/v2\/posts"}],"about":[{"href":"https:\/\/arend-fischbach.lu\/fr\/wp-json\/wp\/v2\/types\/post"}],"author":[{"embeddable":true,"href":"https:\/\/arend-fischbach.lu\/fr\/wp-json\/wp\/v2\/users\/2"}],"replies":[{"embeddable":true,"href":"https:\/\/arend-fischbach.lu\/fr\/wp-json\/wp\/v2\/comments?post=21500"}],"version-history":[{"count":2,"href":"https:\/\/arend-fischbach.lu\/fr\/wp-json\/wp\/v2\/posts\/21500\/revisions"}],"predecessor-version":[{"id":21503,"href":"https:\/\/arend-fischbach.lu\/fr\/wp-json\/wp\/v2\/posts\/21500\/revisions\/21503"}],"wp:featuredmedia":[{"embeddable":true,"href":"https:\/\/arend-fischbach.lu\/fr\/wp-json\/wp\/v2\/media\/21501"}],"wp:attachment":[{"href":"https:\/\/arend-fischbach.lu\/fr\/wp-json\/wp\/v2\/media?parent=21500"}],"wp:term":[{"taxonomy":"category","embeddable":true,"href":"https:\/\/arend-fischbach.lu\/fr\/wp-json\/wp\/v2\/categories?post=21500"},{"taxonomy":"post_tag","embeddable":true,"href":"https:\/\/arend-fischbach.lu\/fr\/wp-json\/wp\/v2\/tags?post=21500"}],"curies":[{"name":"wp","href":"https:\/\/api.w.org\/{rel}","templated":true}]}}